{"id":11432,"date":"2024-01-23T09:08:02","date_gmt":"2024-01-23T09:08:02","guid":{"rendered":"https:\/\/lasallecadiz.es\/mirandilla\/?p=11432"},"modified":"2024-04-15T18:15:57","modified_gmt":"2024-04-15T18:15:57","slug":"la-salle-mirandilla-jornadas-de-puertas-abiertas-23-24","status":"publish","type":"post","link":"https:\/\/lasallecadiz.es\/mirandilla\/2024\/01\/23\/la-salle-mirandilla-jornadas-de-puertas-abiertas-23-24\/","title":{"rendered":"La Salle Mirandilla: Jornadas de Puertas Abiertas 24\/25"},"content":{"rendered":"\n<p><img decoding=\"async\" height=\"16\" width=\"16\" alt=\"\u2728\" src=\"https:\/\/static.xx.fbcdn.net\/images\/emoji.php\/v9\/tf4\/1\/16\/2728.png\"> Creemos que en la diferencia est\u00e1 la igualdad y que cada alumno\/a es \u00fanico e irrepetible <img decoding=\"async\" height=\"16\" width=\"16\" alt=\"\u2728\" src=\"https:\/\/static.xx.fbcdn.net\/images\/emoji.php\/v9\/tf4\/1\/16\/2728.png\"><\/p>\n\n\n\n<p>Para tus hij@s\u2026 Y T\u00da, \u00bfQU\u00c9 ELIGES? <img decoding=\"async\" height=\"16\" width=\"16\" alt=\"\u2747\" src=\"https:\/\/static.xx.fbcdn.net\/images\/emoji.php\/v9\/tb1\/1\/16\/2747.png\"><img decoding=\"async\" height=\"16\" width=\"16\" alt=\"\ud83d\udc9b\" src=\"https:\/\/static.xx.fbcdn.net\/images\/emoji.php\/v9\/t15\/1\/16\/1f49b.png\"><\/p>\n\n\n\n<p>\u00bfQuieres conocer nuestro cole? <img loading=\"lazy\" decoding=\"async\" height=\"16\" width=\"16\" alt=\"\ud83c\udfeb\" src=\"https:\/\/static.xx.fbcdn.net\/images\/emoji.php\/v9\/t28\/1\/16\/1f3eb.png\"> \u00a1Adelante! <img loading=\"lazy\" decoding=\"async\" height=\"16\" width=\"16\" alt=\"\ud83d\udeb6\ud83c\udffb\" src=\"https:\/\/static.xx.fbcdn.net\/images\/emoji.php\/v9\/tdd\/1\/16\/1f6b6_1f3fb.png\">\u00a1Est\u00e1s en Casa! <img loading=\"lazy\" decoding=\"async\" height=\"16\" width=\"16\" alt=\"\ud83c\udfd8\ufe0f\" src=\"https:\/\/static.xx.fbcdn.net\/images\/emoji.php\/v9\/t5f\/1\/16\/1f3d8.png\"><\/p>\n\n\n\n<p><a><\/a>Desde <img decoding=\"async\" height=\"16\" width=\"16\" alt=\"\u2728\" src=\"https:\/\/static.xx.fbcdn.net\/images\/emoji.php\/v9\/tf4\/1\/16\/2728.png\">La Salle C\u00e1diz: Mirandilla <img decoding=\"async\" height=\"16\" width=\"16\" alt=\"\u2728\" src=\"https:\/\/static.xx.fbcdn.net\/images\/emoji.php\/v9\/tf4\/1\/16\/2728.png\"> apostamos por la atenci\u00f3n personalizada. Si desea conocernos y acudir a las jornadas de puertas abiertas, puede solicitarla a trav\u00e9s de este enlace:<\/p>\n\n\n\n<div class=\"wp-block-buttons is-layout-flex wp-container-core-buttons-is-layout-a74382ec wp-block-buttons-is-layout-flex\">\n<div class=\"wp-block-button has-custom-width wp-block-button__width-100 is-style-fill\"><a class=\"wp-block-button__link has-global-color-9-color has-global-color-10-background-color has-text-color has-background has-link-color has-text-align-center wp-element-button\" href=\"https:\/\/calendly.com\/jornadapuertasabiertasmirandilla\/2024-2025\">Cita previa La Salle Mirandilla<\/a><\/div>\n<\/div>\n\n\n\n<p>Este a\u00f1o nos hemos organizado con turnos de ma\u00f1ana y de tarde procurando dar atenci\u00f3n y respuesta a todas las familias que quieran conocernos.<\/p>\n\n\n\n<p>Por la ma\u00f1ana podr\u00e9is ver la escuela en funcionamiento, donde nuestro mayor atractivo es ver como trabajamos y ver N.C.A. (Nuevo Contexto de Aprendizaje) funcionando en nuestras aulas.<\/p>\n\n\n\n<p>Y en horario de tarde os atenderemos garantizando una total conciliaci\u00f3n donde habilitaremos la posibilidad de poder cuidar de su hijo\/a durante su visita al cole.<\/p>\n\n\n\n<p>Aprovechamos para indicarles que el plazo de presentaci\u00f3n <img loading=\"lazy\" decoding=\"async\" height=\"16\" width=\"16\" alt=\"\ud83d\uddd3\ufe0f\" src=\"https:\/\/static.xx.fbcdn.net\/images\/emoji.php\/v9\/t5c\/1\/16\/1f5d3.png\"> de las solicitudes es del 01 al 31 de marzo de 2024.<\/p>\n\n\n\n<p>Acompa\u00f1aremos <img loading=\"lazy\" decoding=\"async\" height=\"16\" width=\"16\" alt=\"\ud83d\udc68\u200d\ud83d\udc69\u200d\ud83d\udc67\u200d\ud83d\udc66\" src=\"https:\/\/static.xx.fbcdn.net\/images\/emoji.php\/v9\/t9b\/1\/16\/1f468_200d_1f469_200d_1f467_200d_1f466.png\"><img loading=\"lazy\" decoding=\"async\" height=\"16\" width=\"16\" alt=\"\ud83d\udc69\u200d\ud83d\udc69\u200d\ud83d\udc66\u200d\ud83d\udc66\" src=\"https:\/\/static.xx.fbcdn.net\/images\/emoji.php\/v9\/t5b\/1\/16\/1f469_200d_1f469_200d_1f466_200d_1f466.png\"><img loading=\"lazy\" decoding=\"async\" height=\"16\" width=\"16\" alt=\"\ud83d\udc68\u200d\ud83d\udc68\u200d\ud83d\udc67\" src=\"https:\/\/static.xx.fbcdn.net\/images\/emoji.php\/v9\/t6d\/1\/16\/1f468_200d_1f468_200d_1f467.png\"> y resolveremos todas las dudas <img loading=\"lazy\" decoding=\"async\" height=\"16\" width=\"16\" alt=\"\u2754\" src=\"https:\/\/static.xx.fbcdn.net\/images\/emoji.php\/v9\/tcd\/1\/16\/2754.png\">que os puedan surgir.<\/p>\n\n\n\n<p>\u00a1Danos la oportunidad de conocernos y poder ser el colegio que esperas!<\/p>\n","protected":false},"excerpt":{"rendered":"<p>Creemos que en la diferencia est\u00e1 la igualdad y que cada alumno\/a es \u00fanico e irrepetible Para tus hij@s\u2026 Y T\u00da, \u00bfQU\u00c9 ELIGES? \u00bfQuieres conocer nuestro cole? \u00a1Adelante! \u00a1Est\u00e1s en Casa! Desde La Salle C\u00e1diz: Mirandilla apostamos por la atenci\u00f3n personalizada. Si desea conocernos y acudir a las jornadas de puertas abiertas, puede solicitarla a &#8230; <a title=\"La Salle Mirandilla: Jornadas de Puertas Abiertas 24\/25\" class=\"read-more\" href=\"https:\/\/lasallecadiz.es\/mirandilla\/2024\/01\/23\/la-salle-mirandilla-jornadas-de-puertas-abiertas-23-24\/\" aria-label=\"Leer m\u00e1s sobre La Salle Mirandilla: Jornadas de Puertas Abiertas 24\/25\">Leer m\u00e1s<\/a><\/p>\n","protected":false},"author":25,"featured_media":11434,"comment_status":"closed","ping_status":"closed","sticky":false,"template":"","format":"standard","meta":{"_eb_attr":"","footnotes":""},"categories":[29],"tags":[],"class_list":["post-11432","post","type-post","status-publish","format-standard","has-post-thumbnail","hentry","category-generales","generate-columns","tablet-grid-50","mobile-grid-100","grid-parent","grid-50"],"_links":{"self":[{"href":"https:\/\/lasallecadiz.es\/mirandilla\/wp-json\/wp\/v2\/posts\/11432","targetHints":{"allow":["GET"]}}],"collection":[{"href":"https:\/\/lasallecadiz.es\/mirandilla\/wp-json\/wp\/v2\/posts"}],"about":[{"href":"https:\/\/lasallecadiz.es\/mirandilla\/wp-json\/wp\/v2\/types\/post"}],"author":[{"embeddable":true,"href":"https:\/\/lasallecadiz.es\/mirandilla\/wp-json\/wp\/v2\/users\/25"}],"replies":[{"embeddable":true,"href":"https:\/\/lasallecadiz.es\/mirandilla\/wp-json\/wp\/v2\/comments?post=11432"}],"version-history":[{"count":3,"href":"https:\/\/lasallecadiz.es\/mirandilla\/wp-json\/wp\/v2\/posts\/11432\/revisions"}],"predecessor-version":[{"id":11438,"href":"https:\/\/lasallecadiz.es\/mirandilla\/wp-json\/wp\/v2\/posts\/11432\/revisions\/11438"}],"wp:featuredmedia":[{"embeddable":true,"href":"https:\/\/lasallecadiz.es\/mirandilla\/wp-json\/wp\/v2\/media\/11434"}],"wp:attachment":[{"href":"https:\/\/lasallecadiz.es\/mirandilla\/wp-json\/wp\/v2\/media?parent=11432"}],"wp:term":[{"taxonomy":"category","embeddable":true,"href":"https:\/\/lasallecadiz.es\/mirandilla\/wp-json\/wp\/v2\/categories?post=11432"},{"taxonomy":"post_tag","embeddable":true,"href":"https:\/\/lasallecadiz.es\/mirandilla\/wp-json\/wp\/v2\/tags?post=11432"}],"curies":[{"name":"wp","href":"https:\/\/api.w.org\/{rel}","templated":true}]}}