{"id":16757,"date":"2025-12-01T10:48:11","date_gmt":"2025-12-01T10:48:11","guid":{"rendered":"https:\/\/lasallecadiz.es\/mirandilla\/?p=16757"},"modified":"2025-12-01T10:48:13","modified_gmt":"2025-12-01T10:48:13","slug":"proyde-adviento-2025","status":"publish","type":"post","link":"https:\/\/lasallecadiz.es\/mirandilla\/2025\/12\/01\/proyde-adviento-2025\/","title":{"rendered":"PROYDE: ADVIENTO 2025"},"content":{"rendered":"\n<p>El Adviento es tempo de espera, de preparar el coraz\u00f3n a la esperanza y la alegr\u00eda. Cuatro<br>semanas de oraci\u00f3n y de luz que nos despierta, que nos mueve y que nos recuerda que la estrella<br>que nos gu\u00eda est\u00e1 en camino. Cada vela que encendemos en este tiempo nos invita a mantener<br>viva la esperanza, a creer que otro mundo es posible. El adviento no es solo una tradici\u00f3n bonita<br>ni un simple preludio de la Navidad; es una llamada a preparar el coraz\u00f3n\u2026 y tambi\u00e9n os<br>recuerda que la esperanza no es cruzarse de brazos, sino construir cada d\u00eda aquello que so\u00f1amos.<br>Precisamente eso es lo que intentamos desde PROYDE, a trav\u00e9s de nuestro compromiso con la<br>solidaridad, justicia y desarrollo. Y ah\u00ed donde el Adviento nos recuerda que nuestra esperanza no<br>puede ser pasiva ni conformista. Si esperamos el Reino de Dios, no podemos hacerlo sentados,<br>ni mirando hacia otro lado. Si miramos hacia el otro lado, que sea para mirar m\u00e1s all\u00e1 y ver a<br>nuestras hermanas y hermanos que viven en condiciones de vulnerabilidad. La espera que<br>propone el Adviento es activa: construye, se arremanga, se hace gesto y proyecto.<\/p>\n\n\n\n<p><br>Por eso, quiz\u00e1 la pregunta que podemos hacernos en este tiempo es: \u00bfa qu\u00e9 estamos esperando<br>para cambiar las cosas? Hay demasiadas personas que llevan demasiado tiempo esperando<br>justicia y paz. Hay comunidades que esperan agua, educaci\u00f3n, salud, igualdad, oportunidades.<br>Hay quien espera que el mundo mire hacia \u00e9l o ella con un m\u00ednimo de dignidad. Y mientras tanto,<br>la espera se hace larga y, a veces, desespera. El Adviento nos invita a no acostumbrarnos a esa<br>espera injusta y convertirla, en esperanza, que por definici\u00f3n es un \u201cestado de \u00e1nimo optimista<br>en el que se presenta como alcanzable algo que se desea\u201d.<\/p>\n\n\n\n<p><br>PROYDE nos ofrece una forma concreta de vivir este Adviento: transformar la esperanza en<br>confianza, ilusi\u00f3n y optimismo hacia el futuro. Para ello son necesarios cada proyecto de<br>cooperaci\u00f3n, cada actividad de sensibilizaci\u00f3n, cada gesto a favor del comercio justo\u2026 Es una<br>manera real de anticipar ese mundo nuevo que esperamos. Somos parte de una cadena de<br>personas que creen, como dec\u00eda San Juan Bautista, que hay que \u201callanarle el camino al Se\u00f1or\u201d,<br>y para nosotros ese camino se allana trabajando por la desigualdad, apostando por la educaci\u00f3n<br>y creyendo en la dignidad de todas las personas.<\/p>\n\n\n\n<p><br>Que este Adviento no sea simplemente un tiempo que pasa, sino un tiempo en el que nos pase<br>algo. Un tiempo para hacer una pausa transformadora que nos invite a llevar m\u00e1s luz a las<br>personas que lo necesiten. Que no esperemos a que cambie el mundo para actuar, sino que<br>actuemos precisamente porque creemos que el cambio es posible. Que la esperanza que<br>proclamamos se convierta en compromiso, y que nuestro \u201cVen, Se\u00f1or Jes\u00fas\u201d se parezca, cada<br>d\u00eda m\u00e1s, a un \u201cAqu\u00ed estoy, cuenta conmigo\u201d.<\/p>\n\n\n\n<p>Leticia Garc\u00eda.<\/p>\n\n\n\n<figure class=\"wp-block-image size-large\"><img fetchpriority=\"high\" decoding=\"async\" width=\"1024\" height=\"1024\" src=\"https:\/\/lasallecadiz.es\/mirandilla\/wp-content\/uploads\/sites\/5\/2025\/12\/593817865_1515034106644708_569603641150383596_n-1024x1024.jpg\" alt=\"\" class=\"wp-image-16758\" srcset=\"https:\/\/lasallecadiz.es\/mirandilla\/wp-content\/uploads\/sites\/5\/2025\/12\/593817865_1515034106644708_569603641150383596_n-1024x1024.jpg 1024w, https:\/\/lasallecadiz.es\/mirandilla\/wp-content\/uploads\/sites\/5\/2025\/12\/593817865_1515034106644708_569603641150383596_n-300x300.jpg 300w, https:\/\/lasallecadiz.es\/mirandilla\/wp-content\/uploads\/sites\/5\/2025\/12\/593817865_1515034106644708_569603641150383596_n-150x150.jpg 150w, https:\/\/lasallecadiz.es\/mirandilla\/wp-content\/uploads\/sites\/5\/2025\/12\/593817865_1515034106644708_569603641150383596_n-768x768.jpg 768w, https:\/\/lasallecadiz.es\/mirandilla\/wp-content\/uploads\/sites\/5\/2025\/12\/593817865_1515034106644708_569603641150383596_n-600x600.jpg 600w, https:\/\/lasallecadiz.es\/mirandilla\/wp-content\/uploads\/sites\/5\/2025\/12\/593817865_1515034106644708_569603641150383596_n.jpg 1440w\" sizes=\"(max-width: 1024px) 100vw, 1024px\" \/><\/figure>\n","protected":false},"excerpt":{"rendered":"<p>El Adviento es tempo de espera, de preparar el coraz\u00f3n a la esperanza y la alegr\u00eda. Cuatrosemanas de oraci\u00f3n y de luz que nos despierta, que nos mueve y que nos recuerda que la estrellaque nos gu\u00eda est\u00e1 en camino. Cada vela que encendemos en este tiempo nos invita a mantenerviva la esperanza, a creer &#8230; <a title=\"PROYDE: ADVIENTO 2025\" class=\"read-more\" href=\"https:\/\/lasallecadiz.es\/mirandilla\/2025\/12\/01\/proyde-adviento-2025\/\" aria-label=\"Leer m\u00e1s sobre PROYDE: ADVIENTO 2025\">Leer m\u00e1s<\/a><\/p>\n","protected":false},"author":25,"featured_media":16758,"comment_status":"closed","ping_status":"closed","sticky":false,"template":"","format":"standard","meta":{"_eb_attr":"","footnotes":""},"categories":[1],"tags":[],"class_list":["post-16757","post","type-post","status-publish","format-standard","has-post-thumbnail","hentry","category-deportes","generate-columns","tablet-grid-50","mobile-grid-100","grid-parent","grid-50"],"_links":{"self":[{"href":"https:\/\/lasallecadiz.es\/mirandilla\/wp-json\/wp\/v2\/posts\/16757","targetHints":{"allow":["GET"]}}],"collection":[{"href":"https:\/\/lasallecadiz.es\/mirandilla\/wp-json\/wp\/v2\/posts"}],"about":[{"href":"https:\/\/lasallecadiz.es\/mirandilla\/wp-json\/wp\/v2\/types\/post"}],"author":[{"embeddable":true,"href":"https:\/\/lasallecadiz.es\/mirandilla\/wp-json\/wp\/v2\/users\/25"}],"replies":[{"embeddable":true,"href":"https:\/\/lasallecadiz.es\/mirandilla\/wp-json\/wp\/v2\/comments?post=16757"}],"version-history":[{"count":1,"href":"https:\/\/lasallecadiz.es\/mirandilla\/wp-json\/wp\/v2\/posts\/16757\/revisions"}],"predecessor-version":[{"id":16759,"href":"https:\/\/lasallecadiz.es\/mirandilla\/wp-json\/wp\/v2\/posts\/16757\/revisions\/16759"}],"wp:featuredmedia":[{"embeddable":true,"href":"https:\/\/lasallecadiz.es\/mirandilla\/wp-json\/wp\/v2\/media\/16758"}],"wp:attachment":[{"href":"https:\/\/lasallecadiz.es\/mirandilla\/wp-json\/wp\/v2\/media?parent=16757"}],"wp:term":[{"taxonomy":"category","embeddable":true,"href":"https:\/\/lasallecadiz.es\/mirandilla\/wp-json\/wp\/v2\/categories?post=16757"},{"taxonomy":"post_tag","embeddable":true,"href":"https:\/\/lasallecadiz.es\/mirandilla\/wp-json\/wp\/v2\/tags?post=16757"}],"curies":[{"name":"wp","href":"https:\/\/api.w.org\/{rel}","templated":true}]}}