{"id":8439,"date":"2021-09-02T16:21:00","date_gmt":"2021-09-02T16:21:00","guid":{"rendered":"https:\/\/lasallecadiz.es\/mirandilla\/?p=8439"},"modified":"2024-04-15T18:19:44","modified_gmt":"2024-04-15T18:19:44","slug":"comienzo-del-curso-2021-2022","status":"publish","type":"post","link":"https:\/\/lasallecadiz.es\/mirandilla\/2021\/09\/02\/comienzo-del-curso-2021-2022\/","title":{"rendered":"Mirandilla: Comienzo del curso 2021-2022"},"content":{"rendered":"\n<p>Bienvenido Septiembre.<\/p>\n\n\n\n<p>Por ser el mes de los inicios y el mes de la ilusi\u00f3n. Por ser ese mes que supone un punto y a parte; el mes en que cada historia contin\u00faa por donde iba justo antes de hacer un breve par\u00f3n. Por ser el mes que incita a los cambios. El mes en el que el Coraz\u00f3n se dispara. Por ser el mes de los reencuentros, el de las sonrisas, y el de los abrazos sinceros. Por ser el mes en que todo vuelve a la rutina, pero de manera actualizada, mejorada y renovada. Siempre lleno de an\u00e9cdotas que compartir y alg\u00fan que otro sinsabor que hayamos podido vivir.<\/p>\n\n\n\n<p>En unos d\u00edas toda la familia lasaliana saldremos de nuestras casas para volver a nuestra casa, nuestro colegio. \u2b50\u2b50\u2b50\u2b50\u2b50<br>Nos vemos muy pronto.<\/p>\n\n\n\n<p>A lo largo del d\u00eda os enviaremos informaciones sobre el inicio de curso, venta de materiales, uniformidad\u2026 \u2b50\u2b50\u2b50\u2b50\u2b50\u2b50<\/p>\n\n\n\n<p class=\"has-text-align-left\">Un fuerte abrazo<\/p>\n\n\n\n<p class=\"has-text-align-right\">Priscila Boubeta Puig. <\/p>\n","protected":false},"excerpt":{"rendered":"<p>Bienvenido Septiembre. Por ser el mes de los inicios y el mes de la ilusi\u00f3n. Por ser ese mes que supone un punto y a parte; el mes en que cada historia contin\u00faa por donde iba justo antes de hacer un breve par\u00f3n. Por ser el mes que incita a los cambios. El mes en &#8230; <a title=\"Mirandilla: Comienzo del curso 2021-2022\" class=\"read-more\" href=\"https:\/\/lasallecadiz.es\/mirandilla\/2021\/09\/02\/comienzo-del-curso-2021-2022\/\" aria-label=\"Leer m\u00e1s sobre Mirandilla: Comienzo del curso 2021-2022\">Leer m\u00e1s<\/a><\/p>\n","protected":false},"author":3,"featured_media":8440,"comment_status":"closed","ping_status":"closed","sticky":false,"template":"","format":"standard","meta":{"_eb_attr":"","footnotes":""},"categories":[29],"tags":[],"class_list":["post-8439","post","type-post","status-publish","format-standard","has-post-thumbnail","hentry","category-generales","generate-columns","tablet-grid-50","mobile-grid-100","grid-parent","grid-50"],"_links":{"self":[{"href":"https:\/\/lasallecadiz.es\/mirandilla\/wp-json\/wp\/v2\/posts\/8439","targetHints":{"allow":["GET"]}}],"collection":[{"href":"https:\/\/lasallecadiz.es\/mirandilla\/wp-json\/wp\/v2\/posts"}],"about":[{"href":"https:\/\/lasallecadiz.es\/mirandilla\/wp-json\/wp\/v2\/types\/post"}],"author":[{"embeddable":true,"href":"https:\/\/lasallecadiz.es\/mirandilla\/wp-json\/wp\/v2\/users\/3"}],"replies":[{"embeddable":true,"href":"https:\/\/lasallecadiz.es\/mirandilla\/wp-json\/wp\/v2\/comments?post=8439"}],"version-history":[{"count":3,"href":"https:\/\/lasallecadiz.es\/mirandilla\/wp-json\/wp\/v2\/posts\/8439\/revisions"}],"predecessor-version":[{"id":8459,"href":"https:\/\/lasallecadiz.es\/mirandilla\/wp-json\/wp\/v2\/posts\/8439\/revisions\/8459"}],"wp:featuredmedia":[{"embeddable":true,"href":"https:\/\/lasallecadiz.es\/mirandilla\/wp-json\/wp\/v2\/media\/8440"}],"wp:attachment":[{"href":"https:\/\/lasallecadiz.es\/mirandilla\/wp-json\/wp\/v2\/media?parent=8439"}],"wp:term":[{"taxonomy":"category","embeddable":true,"href":"https:\/\/lasallecadiz.es\/mirandilla\/wp-json\/wp\/v2\/categories?post=8439"},{"taxonomy":"post_tag","embeddable":true,"href":"https:\/\/lasallecadiz.es\/mirandilla\/wp-json\/wp\/v2\/tags?post=8439"}],"curies":[{"name":"wp","href":"https:\/\/api.w.org\/{rel}","templated":true}]}}