{"id":9763,"date":"2022-04-21T06:36:49","date_gmt":"2022-04-21T06:36:49","guid":{"rendered":"https:\/\/lasallecadiz.es\/mirandilla\/?p=9763"},"modified":"2024-04-15T18:19:14","modified_gmt":"2024-04-15T18:19:14","slug":"capitulo-general-instituto-fsc","status":"publish","type":"post","link":"https:\/\/lasallecadiz.es\/mirandilla\/2022\/04\/21\/capitulo-general-instituto-fsc\/","title":{"rendered":"Capitulo General Instituto FSC"},"content":{"rendered":"\n<p>El 46\u00ba Cap\u00edtulo General se celebra del 1 al 22 de mayo en Roma bajo el lema&nbsp;<strong>\u00abConstruir nuevos caminos para transformar vidas\u00bb<\/strong>. El Hermano Superior General, Robert Schieler, nos anuncia este acontecimiento de tan vital importancia para toda la familia lasaliana.&nbsp;<\/p>\n\n\n\n<p>Queridos Hermanos y Colaboradores:<\/p>\n\n\n\n<p>\u00abAnhelo que en esta \u00e9poca que nos toca vivir, reconociendo la dignidad de cada persona humana, podamos hacer renacer entre todos un deseo mundial de hermandad\u00bb [1]<\/p>\n\n\n\n<p>Les dirijo esta carta con alegr\u00eda y esperanza mientras continuamos con los preparativos del 46\u00ba Cap\u00edtulo General: \u00abConstruir nuevos caminos para transformar vidas\u00bb. Espero que el Cap\u00edtulo nos gu\u00ede por caminos que nos lleven al encuentro fraterno con todos aquellos a quienes atendemos, especialmente con los pobres.<\/p>\n\n\n\n<p>La persistente pandemia provoc\u00f3 el aplazamiento del Cap\u00edtulo. La crisis sanitaria mundial sigue orientando nuestro discernimiento y ahora ha llevado a la Comisi\u00f3n Preparatoria a determinar que, en este momento, Roma es un lugar m\u00e1s seguro y conveniente. Por lo tanto, el 46\u00ba Cap\u00edtulo General se celebrar\u00e1 en la Casa Generalicia de Roma del 1 al 22 de mayo de 2022.<\/p>\n\n\n\n<p>Aunque los Hermanos de la Comisi\u00f3n Preparatoria se han decidido por Roma, quiero subrayar la importancia de mantener el esp\u00edritu esperanzador, audaz e inspirador que estaba presente cuando se eligi\u00f3 Pattaya. El reto sigue siendo afrontar nuestra realidad actual con los ojos de la fe, dise\u00f1ar un camino inspirado en el Evangelio y tener la audacia de arriesgarlo todo por Jesucristo y su proyecto del Reino de Dios.<\/p>\n\n\n\n<p>Aprovecho la ocasi\u00f3n para compartir con ustedes los nombres de los Hermanos Delegados. Les pido que recen por ellos; para que descubran nuevos caminos que nos lleven a reconocer la dignidad de cada persona, de modo que podamos seguir colaborando en hacer que germine la aspiraci\u00f3n universal a la fraternidad.<\/p>\n\n\n\n<p>Fraternalmente,<\/p>\n\n\n\n<p>Hermano Robert Schieler, FSC<br>Hermano Superior<\/p>\n\n\n\n<p><sub>[1] Papa Francisco. Fratelli Tutti: Sobre la fraternidad y la amistad social, Carta Enc\u00edclica, 2020, n\u00ba 8.<\/sub><\/p>\n","protected":false},"excerpt":{"rendered":"<p>El 46\u00ba Cap\u00edtulo General se celebra del 1 al 22 de mayo en Roma bajo el lema&nbsp;\u00abConstruir nuevos caminos para transformar vidas\u00bb. El Hermano Superior General, Robert Schieler, nos anuncia este acontecimiento de tan vital importancia para toda la familia lasaliana.&nbsp; Queridos Hermanos y Colaboradores: \u00abAnhelo que en esta \u00e9poca que nos toca vivir, reconociendo &#8230; <a title=\"Capitulo General Instituto FSC\" class=\"read-more\" href=\"https:\/\/lasallecadiz.es\/mirandilla\/2022\/04\/21\/capitulo-general-instituto-fsc\/\" aria-label=\"Leer m\u00e1s sobre Capitulo General Instituto FSC\">Leer m\u00e1s<\/a><\/p>\n","protected":false},"author":3,"featured_media":9764,"comment_status":"closed","ping_status":"closed","sticky":false,"template":"","format":"standard","meta":{"_eb_attr":"","footnotes":""},"categories":[29],"tags":[],"class_list":["post-9763","post","type-post","status-publish","format-standard","has-post-thumbnail","hentry","category-generales","generate-columns","tablet-grid-50","mobile-grid-100","grid-parent","grid-50"],"_links":{"self":[{"href":"https:\/\/lasallecadiz.es\/mirandilla\/wp-json\/wp\/v2\/posts\/9763","targetHints":{"allow":["GET"]}}],"collection":[{"href":"https:\/\/lasallecadiz.es\/mirandilla\/wp-json\/wp\/v2\/posts"}],"about":[{"href":"https:\/\/lasallecadiz.es\/mirandilla\/wp-json\/wp\/v2\/types\/post"}],"author":[{"embeddable":true,"href":"https:\/\/lasallecadiz.es\/mirandilla\/wp-json\/wp\/v2\/users\/3"}],"replies":[{"embeddable":true,"href":"https:\/\/lasallecadiz.es\/mirandilla\/wp-json\/wp\/v2\/comments?post=9763"}],"version-history":[{"count":1,"href":"https:\/\/lasallecadiz.es\/mirandilla\/wp-json\/wp\/v2\/posts\/9763\/revisions"}],"predecessor-version":[{"id":9765,"href":"https:\/\/lasallecadiz.es\/mirandilla\/wp-json\/wp\/v2\/posts\/9763\/revisions\/9765"}],"wp:featuredmedia":[{"embeddable":true,"href":"https:\/\/lasallecadiz.es\/mirandilla\/wp-json\/wp\/v2\/media\/9764"}],"wp:attachment":[{"href":"https:\/\/lasallecadiz.es\/mirandilla\/wp-json\/wp\/v2\/media?parent=9763"}],"wp:term":[{"taxonomy":"category","embeddable":true,"href":"https:\/\/lasallecadiz.es\/mirandilla\/wp-json\/wp\/v2\/categories?post=9763"},{"taxonomy":"post_tag","embeddable":true,"href":"https:\/\/lasallecadiz.es\/mirandilla\/wp-json\/wp\/v2\/tags?post=9763"}],"curies":[{"name":"wp","href":"https:\/\/api.w.org\/{rel}","templated":true}]}}