{"id":16223,"date":"2025-04-03T06:26:45","date_gmt":"2025-04-03T06:26:45","guid":{"rendered":"https:\/\/lasallecadiz.es\/?p=16223"},"modified":"2025-10-10T08:10:30","modified_gmt":"2025-10-10T08:10:30","slug":"somos-la-salle-accion-social-levadura-en-la-construccion-de-un-mundo-mas-justo","status":"publish","type":"post","link":"https:\/\/lasallecadiz.es\/vina\/somos-la-salle-accion-social-levadura-en-la-construccion-de-un-mundo-mas-justo\/","title":{"rendered":"Somos La Salle Acci\u00f3n Social, levadura en la construcci\u00f3n de un mundo m\u00e1s justo"},"content":{"rendered":"\n<p><strong><em>\u201cLa Salle Acci\u00f3n Social es compartir, sensibilizar, incidir y transformar participando de la identidad y el trabajo en La Salle\u201d<\/em><\/strong>. Esta es la afirmaci\u00f3n conclusiva que surgi\u00f3 del lanzamiento de la plataforma La Salle Acci\u00f3n Social en nuestro Distrito Arlep el pasado mes febrero, y que unifica a los \u00e1mbitos lasalianos: obras socioeducativas, ONGD, centros educativos, comunidades y Sallejoven.<\/p>\n\n\n\n<p>Nuestro compromiso como lasalianos en el \u00e1mbito de la acci\u00f3n social nos dirige a:<\/p>\n\n\n\n<ul class=\"wp-block-list\">\n<li>Alentar a todos los lasalianos como un proyecto de todos donde nadie se pierde y que apuesta por salir de los l\u00edmites establecidos.<\/li>\n\n\n\n<li>Facilitar proyectos desde el reconocimiento de las peculiaridades, potencialidades, uniendo fuerzas y avanzando desde el realismo.<\/li>\n\n\n\n<li>Compartir procesos, experiencias, desde una visi\u00f3n compartida que explore caminos nuevos en nuestra Instituci\u00f3n.<\/li>\n\n\n\n<li>Servir a otras personas, sobre todo a aquellos hermanos nuestros que no pueden vivir con la misma dignidad.<\/li>\n<\/ul>\n\n\n\n<p>Nuestro compromiso no es nuevo. Desde hace m\u00e1s de 300 a\u00f1os, los lasalianos hemos trabajado para que todas las personas, especialmente aquellas en situaci\u00f3n de exclusi\u00f3n, tengan acceso a oportunidades reales. Hoy seguimos esa misi\u00f3n con m\u00e1s fuerza que nunca, porque creemos en la justicia social, en la fraternidad y en que juntos podemos cambiar las cosas.&nbsp;<\/p>\n\n\n\n<p>En La Salle Andaluc\u00eda, la educaci\u00f3n no se queda solo en las aulas. Creemos en una ense\u00f1anza que transforma vidas, que rompe barreras y que llega a quienes m\u00e1s lo necesitan. Por eso, seguimos impulsando iniciativas dentro de La Salle Acci\u00f3n Social, un compromiso que nos mueve a estar cerca de los m\u00e1s vulnerables y a actuar por un mundo m\u00e1s justo.<\/p>\n\n\n\n<p>#SomosLaSalle #LaSalleAcci\u00f3nSocial #TiempoDeCuidarTiempoDeCrear<\/p>\n","protected":false},"excerpt":{"rendered":"<p>\u201cLa Salle Acci\u00f3n Social es compartir, sensibilizar, incidir y transformar participando de la identidad y el trabajo en La Salle\u201d. Esta es la afirmaci\u00f3n conclusiva que surgi\u00f3 del lanzamiento de la plataforma La Salle Acci\u00f3n Social en nuestro Distrito Arlep el pasado mes febrero, y que unifica a los \u00e1mbitos lasalianos: obras socioeducativas, ONGD, centros &#8230; <a title=\"Somos La Salle Acci\u00f3n Social, levadura en la construcci\u00f3n de un mundo m\u00e1s justo\" class=\"read-more\" href=\"https:\/\/lasallecadiz.es\/vina\/somos-la-salle-accion-social-levadura-en-la-construccion-de-un-mundo-mas-justo\/\" aria-label=\"Leer m\u00e1s sobre Somos La Salle Acci\u00f3n Social, levadura en la construcci\u00f3n de un mundo m\u00e1s justo\">Leer m\u00e1s<\/a><\/p>\n","protected":false},"author":123482,"featured_media":16483,"comment_status":"closed","ping_status":"closed","sticky":false,"template":"","format":"standard","meta":{"_eb_attr":"","footnotes":""},"categories":[29],"tags":[],"class_list":["post-16223","post","type-post","status-publish","format-standard","has-post-thumbnail","hentry","category-generales","generate-columns","tablet-grid-50","mobile-grid-100","grid-parent","grid-50"],"_links":{"self":[{"href":"https:\/\/lasallecadiz.es\/vina\/wp-json\/wp\/v2\/posts\/16223","targetHints":{"allow":["GET"]}}],"collection":[{"href":"https:\/\/lasallecadiz.es\/vina\/wp-json\/wp\/v2\/posts"}],"about":[{"href":"https:\/\/lasallecadiz.es\/vina\/wp-json\/wp\/v2\/types\/post"}],"author":[{"embeddable":true,"href":"https:\/\/lasallecadiz.es\/vina\/wp-json\/wp\/v2\/users\/123482"}],"replies":[{"embeddable":true,"href":"https:\/\/lasallecadiz.es\/vina\/wp-json\/wp\/v2\/comments?post=16223"}],"version-history":[{"count":1,"href":"https:\/\/lasallecadiz.es\/vina\/wp-json\/wp\/v2\/posts\/16223\/revisions"}],"predecessor-version":[{"id":16484,"href":"https:\/\/lasallecadiz.es\/vina\/wp-json\/wp\/v2\/posts\/16223\/revisions\/16484"}],"wp:featuredmedia":[{"embeddable":true,"href":"https:\/\/lasallecadiz.es\/vina\/wp-json\/wp\/v2\/media\/16483"}],"wp:attachment":[{"href":"https:\/\/lasallecadiz.es\/vina\/wp-json\/wp\/v2\/media?parent=16223"}],"wp:term":[{"taxonomy":"category","embeddable":true,"href":"https:\/\/lasallecadiz.es\/vina\/wp-json\/wp\/v2\/categories?post=16223"},{"taxonomy":"post_tag","embeddable":true,"href":"https:\/\/lasallecadiz.es\/vina\/wp-json\/wp\/v2\/tags?post=16223"}],"curies":[{"name":"wp","href":"https:\/\/api.w.org\/{rel}","templated":true}]}}