{"id":16516,"date":"2025-04-21T08:35:54","date_gmt":"2025-04-21T08:35:54","guid":{"rendered":"https:\/\/lasallecadiz.es\/vina\/?p=16516"},"modified":"2025-10-10T08:10:29","modified_gmt":"2025-10-10T08:10:29","slug":"lunes-de-pascua-en-la-salle-vina-cristo-vive-entre-nosotros","status":"publish","type":"post","link":"https:\/\/lasallecadiz.es\/vina\/lunes-de-pascua-en-la-salle-vina-cristo-vive-entre-nosotros\/","title":{"rendered":"Lunes de Pascua en La Salle Vi\u00f1a \u2013 \u00a1Cristo Vive entre Nosotros!"},"content":{"rendered":"\n<p>Este lunes 21 de abril, en el Colegio La Salle Vi\u00f1a del Mar, vivimos con profunda alegr\u00eda la <strong>Celebraci\u00f3n Lit\u00fargica del Lunes de Pascua<\/strong>, marcando el inicio de la semana m\u00e1s luminosa del a\u00f1o: la <strong>Octava de Pascua<\/strong>.<\/p>\n\n\n\n<p>Con esp\u00edritu de comunidad, alumnos, docentes y educadores nos reunimos para proclamar con fuerza que <strong>\u00a1Jes\u00fas ha resucitado!<\/strong> Su victoria sobre la muerte llena de esperanza nuestras vidas y nos impulsa a caminar con renovado entusiasmo.<\/p>\n\n\n\n<h3 class=\"wp-block-heading\"><strong>Una Liturgia de Alegr\u00eda y Encuentro<\/strong><\/h3>\n\n\n\n<p>La celebraci\u00f3n estuvo cargada de s\u00edmbolos pascuales: el cirio encendido, los cantos festivos y la renovaci\u00f3n del compromiso cristiano. En el Evangelio del d\u00eda, acompa\u00f1amos a las mujeres que fueron al sepulcro y escucharon las palabras del \u00e1ngel:<br><strong>\u201cNo tengan miedo. Ha resucitado\u201d<\/strong> (Mateo 28,5-6).<\/p>\n\n\n\n<p>Este mensaje nos recuerda que no estamos solos, que Jes\u00fas camina con nosotros, especialmente en nuestra comunidad escolar.<\/p>\n\n\n\n<h3 class=\"wp-block-heading\"><strong>Pascua: Tiempo de Vida Nueva<\/strong><\/h3>\n\n\n\n<p>La Pascua no es solo un recuerdo, sino una invitaci\u00f3n a vivir con esperanza, a mirar con fe el futuro, a construir comunidad con esp\u00edritu de fraternidad, como lo so\u00f1\u00f3 San Juan Bautista de La Salle.<\/p>\n\n\n\n<p>Hoy m\u00e1s que nunca, somos llamados a ser <strong>portadores de vida, de alegr\u00eda y de luz<\/strong> en medio de nuestro entorno.<\/p>\n\n\n\n<hr class=\"wp-block-separator has-alpha-channel-opacity\" \/>\n\n\n\n<p><strong>\u00a1Feliz Pascua de Resurrecci\u00f3n! Que la alegr\u00eda del Cristo Vivo nos impulse a seguir creciendo juntos, como comunidad lasallista al servicio de los dem\u00e1s.<\/strong><\/p>\n\n\n\n<figure class=\"wp-block-gallery has-nested-images columns-default is-cropped wp-block-gallery-1 is-layout-flex wp-block-gallery-is-layout-flex\">\n<figure class=\"wp-block-image size-large\"><img fetchpriority=\"high\" decoding=\"async\" width=\"1024\" height=\"1024\" data-id=\"16520\" src=\"https:\/\/lasallecadiz.es\/vina\/wp-content\/uploads\/sites\/4\/2025\/04\/1-1024x1024.jpg\" alt=\"\" class=\"wp-image-16520\" srcset=\"https:\/\/lasallecadiz.es\/vina\/wp-content\/uploads\/sites\/4\/2025\/04\/1-1024x1024.jpg 1024w, https:\/\/lasallecadiz.es\/vina\/wp-content\/uploads\/sites\/4\/2025\/04\/1-300x300.jpg 300w, https:\/\/lasallecadiz.es\/vina\/wp-content\/uploads\/sites\/4\/2025\/04\/1-150x150.jpg 150w, https:\/\/lasallecadiz.es\/vina\/wp-content\/uploads\/sites\/4\/2025\/04\/1-768x768.jpg 768w, https:\/\/lasallecadiz.es\/vina\/wp-content\/uploads\/sites\/4\/2025\/04\/1-600x600.jpg 600w, https:\/\/lasallecadiz.es\/vina\/wp-content\/uploads\/sites\/4\/2025\/04\/1.jpg 1080w\" sizes=\"(max-width: 1024px) 100vw, 1024px\" \/><\/figure>\n\n\n\n<figure class=\"wp-block-image size-large\"><img decoding=\"async\" width=\"1024\" height=\"1024\" data-id=\"16517\" src=\"https:\/\/lasallecadiz.es\/vina\/wp-content\/uploads\/sites\/4\/2025\/04\/2-1024x1024.jpg\" alt=\"\" class=\"wp-image-16517\" srcset=\"https:\/\/lasallecadiz.es\/vina\/wp-content\/uploads\/sites\/4\/2025\/04\/2-1024x1024.jpg 1024w, https:\/\/lasallecadiz.es\/vina\/wp-content\/uploads\/sites\/4\/2025\/04\/2-300x300.jpg 300w, https:\/\/lasallecadiz.es\/vina\/wp-content\/uploads\/sites\/4\/2025\/04\/2-150x150.jpg 150w, https:\/\/lasallecadiz.es\/vina\/wp-content\/uploads\/sites\/4\/2025\/04\/2-768x768.jpg 768w, https:\/\/lasallecadiz.es\/vina\/wp-content\/uploads\/sites\/4\/2025\/04\/2-600x600.jpg 600w, https:\/\/lasallecadiz.es\/vina\/wp-content\/uploads\/sites\/4\/2025\/04\/2.jpg 1080w\" sizes=\"(max-width: 1024px) 100vw, 1024px\" \/><\/figure>\n\n\n\n<figure class=\"wp-block-image size-large\"><img decoding=\"async\" width=\"1024\" height=\"1024\" data-id=\"16518\" src=\"https:\/\/lasallecadiz.es\/vina\/wp-content\/uploads\/sites\/4\/2025\/04\/3-1024x1024.jpg\" alt=\"\" class=\"wp-image-16518\" srcset=\"https:\/\/lasallecadiz.es\/vina\/wp-content\/uploads\/sites\/4\/2025\/04\/3-1024x1024.jpg 1024w, https:\/\/lasallecadiz.es\/vina\/wp-content\/uploads\/sites\/4\/2025\/04\/3-300x300.jpg 300w, https:\/\/lasallecadiz.es\/vina\/wp-content\/uploads\/sites\/4\/2025\/04\/3-150x150.jpg 150w, https:\/\/lasallecadiz.es\/vina\/wp-content\/uploads\/sites\/4\/2025\/04\/3-768x768.jpg 768w, https:\/\/lasallecadiz.es\/vina\/wp-content\/uploads\/sites\/4\/2025\/04\/3-600x600.jpg 600w, https:\/\/lasallecadiz.es\/vina\/wp-content\/uploads\/sites\/4\/2025\/04\/3.jpg 1080w\" sizes=\"(max-width: 1024px) 100vw, 1024px\" \/><\/figure>\n\n\n\n<figure class=\"wp-block-image size-large\"><img loading=\"lazy\" decoding=\"async\" width=\"1080\" height=\"1080\" data-id=\"16519\" src=\"https:\/\/lasallecadiz.es\/vina\/wp-content\/uploads\/sites\/4\/2025\/04\/4-1024x1024.jpg\" alt=\"\" class=\"wp-image-16519\" srcset=\"https:\/\/lasallecadiz.es\/vina\/wp-content\/uploads\/sites\/4\/2025\/04\/4-1024x1024.jpg 1024w, https:\/\/lasallecadiz.es\/vina\/wp-content\/uploads\/sites\/4\/2025\/04\/4-300x300.jpg 300w, https:\/\/lasallecadiz.es\/vina\/wp-content\/uploads\/sites\/4\/2025\/04\/4-150x150.jpg 150w, https:\/\/lasallecadiz.es\/vina\/wp-content\/uploads\/sites\/4\/2025\/04\/4-768x768.jpg 768w, https:\/\/lasallecadiz.es\/vina\/wp-content\/uploads\/sites\/4\/2025\/04\/4-600x600.jpg 600w, https:\/\/lasallecadiz.es\/vina\/wp-content\/uploads\/sites\/4\/2025\/04\/4.jpg 1080w\" sizes=\"(max-width: 1080px) 100vw, 1080px\" \/><\/figure>\n<\/figure>\n\n\n\n<p><\/p>\n","protected":false},"excerpt":{"rendered":"<p>Este lunes 21 de abril, en el Colegio La Salle Vi\u00f1a del Mar, vivimos con profunda alegr\u00eda la Celebraci\u00f3n Lit\u00fargica del Lunes de Pascua, marcando el inicio de la semana m\u00e1s luminosa del a\u00f1o: la Octava de Pascua. Con esp\u00edritu de comunidad, alumnos, docentes y educadores nos reunimos para proclamar con fuerza que \u00a1Jes\u00fas ha &#8230; <a title=\"Lunes de Pascua en La Salle Vi\u00f1a \u2013 \u00a1Cristo Vive entre Nosotros!\" class=\"read-more\" href=\"https:\/\/lasallecadiz.es\/vina\/lunes-de-pascua-en-la-salle-vina-cristo-vive-entre-nosotros\/\" aria-label=\"Leer m\u00e1s sobre Lunes de Pascua en La Salle Vi\u00f1a \u2013 \u00a1Cristo Vive entre Nosotros!\">Leer m\u00e1s<\/a><\/p>\n","protected":false},"author":123482,"featured_media":16520,"comment_status":"closed","ping_status":"closed","sticky":false,"template":"","format":"standard","meta":{"_eb_attr":"","footnotes":""},"categories":[29,31],"tags":[],"class_list":["post-16516","post","type-post","status-publish","format-standard","has-post-thumbnail","hentry","category-generales","category-pastoral","generate-columns","tablet-grid-50","mobile-grid-100","grid-parent","grid-50"],"_links":{"self":[{"href":"https:\/\/lasallecadiz.es\/vina\/wp-json\/wp\/v2\/posts\/16516","targetHints":{"allow":["GET"]}}],"collection":[{"href":"https:\/\/lasallecadiz.es\/vina\/wp-json\/wp\/v2\/posts"}],"about":[{"href":"https:\/\/lasallecadiz.es\/vina\/wp-json\/wp\/v2\/types\/post"}],"author":[{"embeddable":true,"href":"https:\/\/lasallecadiz.es\/vina\/wp-json\/wp\/v2\/users\/123482"}],"replies":[{"embeddable":true,"href":"https:\/\/lasallecadiz.es\/vina\/wp-json\/wp\/v2\/comments?post=16516"}],"version-history":[{"count":1,"href":"https:\/\/lasallecadiz.es\/vina\/wp-json\/wp\/v2\/posts\/16516\/revisions"}],"predecessor-version":[{"id":16521,"href":"https:\/\/lasallecadiz.es\/vina\/wp-json\/wp\/v2\/posts\/16516\/revisions\/16521"}],"wp:featuredmedia":[{"embeddable":true,"href":"https:\/\/lasallecadiz.es\/vina\/wp-json\/wp\/v2\/media\/16520"}],"wp:attachment":[{"href":"https:\/\/lasallecadiz.es\/vina\/wp-json\/wp\/v2\/media?parent=16516"}],"wp:term":[{"taxonomy":"category","embeddable":true,"href":"https:\/\/lasallecadiz.es\/vina\/wp-json\/wp\/v2\/categories?post=16516"},{"taxonomy":"post_tag","embeddable":true,"href":"https:\/\/lasallecadiz.es\/vina\/wp-json\/wp\/v2\/tags?post=16516"}],"curies":[{"name":"wp","href":"https:\/\/api.w.org\/{rel}","templated":true}]}}