{"id":17093,"date":"2025-12-05T12:16:03","date_gmt":"2025-12-05T12:16:03","guid":{"rendered":"https:\/\/lasallecadiz.es\/vina\/en-tiempo-de-adviento-comprometete-con-la-vida\/"},"modified":"2025-12-05T12:16:03","modified_gmt":"2025-12-05T12:16:03","slug":"en-tiempo-de-adviento-comprometete-con-la-vida","status":"publish","type":"post","link":"https:\/\/lasallecadiz.es\/vina\/en-tiempo-de-adviento-comprometete-con-la-vida\/","title":{"rendered":"EN TIEMPO DE ADVIENTO, COMPROM\u00c9TETE CON LA VIDA"},"content":{"rendered":"<p>El Adviento es tiempo de espera, de preparar el coraz\u00f3n a la esperanza y la alegr\u00eda. Cuatro semanas de oraci\u00f3n y de luz que nos despierta, que nos mueve y que nos recuerda que la estrella que nos gu\u00eda est\u00e1 en camino. Cada vela que encendemos en este tiempo nos invita a mantener viva la esperanza, a creer que otro mundo es posible. El adviento no es solo una tradici\u00f3n bonita ni un simple preludio de la Navidad; es una llamada a preparar el coraz\u00f3n\u2026 y tambi\u00e9n nos recuerda que la esperanza no es cruzarse de brazos, sino construir cada d\u00eda aquello que so\u00f1amos.<\/p>\n<p>Precisamente eso es lo que intentamos desde PROYDE, a trav\u00e9s de nuestro compromiso con la solidaridad, justicia y desarrollo. Es ah\u00ed donde el Adviento nos recuerda que nuestra esperanza no puede ser pasiva ni conformista. Si esperamos el Reino de Dios, no podemos hacerlo sentados, ni mirando hacia otro lado. Si miramos hacia el otro lado, que sea para mirar m\u00e1s all\u00e1 y ver a nuestras hermanas y hermanos que viven en condiciones de vulnerabilidad. La espera que propone el Adviento es activa: construye, se arremanga, se hace gesto y proyecto.<\/p>\n<p>Por eso, quiz\u00e1 la pregunta que podemos hacernos en este tiempo es: \u00bfa qu\u00e9 estamos esperando para cambiar las cosas? Hay demasiadas personas que llevan demasiado tiempo esperando justicia y paz. Hay comunidades que esperan agua, educaci\u00f3n, salud, igualdad, oportunidades. Hay quien espera que el mundo mire hacia \u00e9l o ella con un m\u00ednimo de dignidad. Y, mientras tanto, la espera se hace larga y, a veces, desespera. El Adviento nos invita a no acostumbrarnos a esa espera injusta y convertirla, en esperanza, que por definici\u00f3n es un \u201cestado de \u00e1nimo optimista en el que se presenta como alcanzable algo que se desea\u201d.<\/p>\n<p>PROYDE nos ofrece una forma concreta de vivir este Adviento: transformar la esperanza en confianza, ilusi\u00f3n y optimismo hacia el futuro. Para ello son necesarios cada proyecto de cooperaci\u00f3n, cada actividad de sensibilizaci\u00f3n, cada gesto a favor del comercio justo\u2026 Es una manera real de anticipar ese mundo nuevo que esperamos. Somos parte de una cadena de personas que creen, como dec\u00eda San Juan Bautista, que hay que \u201callanarle el camino al Se\u00f1or\u201d, y para nosotros ese camino se allana trabajando por la desigualdad, apostando por la educaci\u00f3n y creyendo en la dignidad de todas las personas.<\/p>\n<p>Que este Adviento no sea simplemente un tiempo que pasa, sino un tiempo en el que nos pase algo. Un tiempo para hacer una pausa transformadora que nos invite a llevar m\u00e1s luz a las personas que lo necesiten. Que no esperemos a que cambie el mundo para actuar, sino que actuemos precisamente porque creemos que el cambio es posible. Que la esperanza que proclamamos se convierta en compromiso, y que nuestro \u201cVen, Se\u00f1or Jes\u00fas\u201d se parezca, cada d\u00eda m\u00e1s, a un \u201cAqu\u00ed estoy, cuenta conmigo\u201d.<\/p>\n<p>Leticia Garc\u00eda D\u00edaz, Delegaci\u00f3n Territorial PROYDE Andaluc\u00eda y Melilla<\/p>\n","protected":false},"excerpt":{"rendered":"<p>El Adviento es tiempo de espera, de preparar el coraz\u00f3n a la esperanza y la alegr\u00eda. Cuatro semanas de oraci\u00f3n y de luz que nos despierta, que nos mueve y que nos recuerda que la estrella que nos gu\u00eda est\u00e1 en camino. Cada vela que encendemos en este tiempo nos invita a mantener viva la &#8230; <a title=\"EN TIEMPO DE ADVIENTO, COMPROM\u00c9TETE CON LA VIDA\" class=\"read-more\" href=\"https:\/\/lasallecadiz.es\/vina\/en-tiempo-de-adviento-comprometete-con-la-vida\/\" aria-label=\"Leer m\u00e1s sobre EN TIEMPO DE ADVIENTO, COMPROM\u00c9TETE CON LA VIDA\">Leer m\u00e1s<\/a><\/p>\n","protected":false},"author":123477,"featured_media":17092,"comment_status":"closed","ping_status":"closed","sticky":false,"template":"","format":"standard","meta":{"_eb_attr":"","footnotes":""},"categories":[29,31],"tags":[],"class_list":["post-17093","post","type-post","status-publish","format-standard","has-post-thumbnail","hentry","category-generales","category-pastoral","generate-columns","tablet-grid-50","mobile-grid-100","grid-parent","grid-50"],"_links":{"self":[{"href":"https:\/\/lasallecadiz.es\/vina\/wp-json\/wp\/v2\/posts\/17093","targetHints":{"allow":["GET"]}}],"collection":[{"href":"https:\/\/lasallecadiz.es\/vina\/wp-json\/wp\/v2\/posts"}],"about":[{"href":"https:\/\/lasallecadiz.es\/vina\/wp-json\/wp\/v2\/types\/post"}],"author":[{"embeddable":true,"href":"https:\/\/lasallecadiz.es\/vina\/wp-json\/wp\/v2\/users\/123477"}],"replies":[{"embeddable":true,"href":"https:\/\/lasallecadiz.es\/vina\/wp-json\/wp\/v2\/comments?post=17093"}],"version-history":[{"count":1,"href":"https:\/\/lasallecadiz.es\/vina\/wp-json\/wp\/v2\/posts\/17093\/revisions"}],"predecessor-version":[{"id":17094,"href":"https:\/\/lasallecadiz.es\/vina\/wp-json\/wp\/v2\/posts\/17093\/revisions\/17094"}],"wp:featuredmedia":[{"embeddable":true,"href":"https:\/\/lasallecadiz.es\/vina\/wp-json\/wp\/v2\/media\/17092"}],"wp:attachment":[{"href":"https:\/\/lasallecadiz.es\/vina\/wp-json\/wp\/v2\/media?parent=17093"}],"wp:term":[{"taxonomy":"category","embeddable":true,"href":"https:\/\/lasallecadiz.es\/vina\/wp-json\/wp\/v2\/categories?post=17093"},{"taxonomy":"post_tag","embeddable":true,"href":"https:\/\/lasallecadiz.es\/vina\/wp-json\/wp\/v2\/tags?post=17093"}],"curies":[{"name":"wp","href":"https:\/\/api.w.org\/{rel}","templated":true}]}}