{"id":17106,"date":"2026-01-22T09:53:09","date_gmt":"2026-01-22T09:53:09","guid":{"rendered":"https:\/\/lasallecadiz.es\/vina\/?p=17106"},"modified":"2026-01-22T09:53:10","modified_gmt":"2026-01-22T09:53:10","slug":"la-salle-abre-el-plazo-de-informacion-sobre-su-oferta-educativa-para-el-curso-2026-2027","status":"publish","type":"post","link":"https:\/\/lasallecadiz.es\/vina\/la-salle-abre-el-plazo-de-informacion-sobre-su-oferta-educativa-para-el-curso-2026-2027\/","title":{"rendered":"La Salle abre el plazo de informaci\u00f3n sobre su oferta educativa para el curso 2026-2027"},"content":{"rendered":"\n<p>Los Colegios La Salle inician oficialmente la presentaci\u00f3n de su\u00a0<strong>oferta educativa para el curso 2026-2027<\/strong>, un proceso dirigido a las familias que buscan un proyecto educativo integral, basado en valores, innovaci\u00f3n pedag\u00f3gica y acompa\u00f1amiento personal del alumnado.<\/p>\n\n\n\n<p>Durante las pr\u00f3ximas semanas, nuestro centro dar\u00e1 a conocer las distintas etapas educativas, ESO, Ciclos formativos y Bachillerato, poniendo en valor un modelo educativo que combina\u00a0<strong>formaci\u00f3n acad\u00e9mica de calidad, atenci\u00f3n personalizada, educaci\u00f3n en valores y una s\u00f3lida acci\u00f3n pastoral<\/strong>, se\u00f1as de identidad de La Salle.<\/p>\n\n\n\n<p>Asimismo, el colegio invita a las familias interesadas a informarse sobre el proyecto educativo, las instalaciones, los servicios complementarios y las actividades que enriquecen la vida escolar. A trav\u00e9s de la cercan\u00eda y el compromiso con cada alumno, La Salle contin\u00faa apostando por una educaci\u00f3n que prepara para la vida, fomentando el desarrollo personal, social y acad\u00e9mico.<\/p>\n\n\n\n<p>Para m\u00e1s informaci\u00f3n sobre la oferta educativa del curso 2026-2027 se van a realizar <strong>jornada de puertas abiertas para la etapa de Bachillerato<\/strong> el pr\u00f3ximo d\u00eda <strong>2 de Marzo a las 18.00 horas.<\/strong><\/p>\n\n\n\n<p>Para reuni\u00f3n y <strong>visita personalizada<\/strong> de las etapas de <strong>ESO y CFGB<\/strong> tenemos disponible el plazo <strong>entre el 16 y el 27 de febrero<\/strong>, puedes reservar tu cita a trav\u00e9s de nuestro correo <strong>infovina@lasallecadiz.es<\/strong><\/p>\n\n\n\n<p>#DeCompromisoEnCompromiso<\/p>\n","protected":false},"excerpt":{"rendered":"<p>Los Colegios La Salle inician oficialmente la presentaci\u00f3n de su\u00a0oferta educativa para el curso 2026-2027, un proceso dirigido a las familias que buscan un proyecto educativo integral, basado en valores, innovaci\u00f3n pedag\u00f3gica y acompa\u00f1amiento personal del alumnado. Durante las pr\u00f3ximas semanas, nuestro centro dar\u00e1 a conocer las distintas etapas educativas, ESO, Ciclos formativos y Bachillerato, &#8230; <a title=\"La Salle abre el plazo de informaci\u00f3n sobre su oferta educativa para el curso 2026-2027\" class=\"read-more\" href=\"https:\/\/lasallecadiz.es\/vina\/la-salle-abre-el-plazo-de-informacion-sobre-su-oferta-educativa-para-el-curso-2026-2027\/\" aria-label=\"Leer m\u00e1s sobre La Salle abre el plazo de informaci\u00f3n sobre su oferta educativa para el curso 2026-2027\">Leer m\u00e1s<\/a><\/p>\n","protected":false},"author":123482,"featured_media":17105,"comment_status":"closed","ping_status":"closed","sticky":false,"template":"","format":"standard","meta":{"_eb_attr":"","footnotes":""},"categories":[29],"tags":[],"class_list":["post-17106","post","type-post","status-publish","format-standard","has-post-thumbnail","hentry","category-generales","generate-columns","tablet-grid-50","mobile-grid-100","grid-parent","grid-50"],"_links":{"self":[{"href":"https:\/\/lasallecadiz.es\/vina\/wp-json\/wp\/v2\/posts\/17106","targetHints":{"allow":["GET"]}}],"collection":[{"href":"https:\/\/lasallecadiz.es\/vina\/wp-json\/wp\/v2\/posts"}],"about":[{"href":"https:\/\/lasallecadiz.es\/vina\/wp-json\/wp\/v2\/types\/post"}],"author":[{"embeddable":true,"href":"https:\/\/lasallecadiz.es\/vina\/wp-json\/wp\/v2\/users\/123482"}],"replies":[{"embeddable":true,"href":"https:\/\/lasallecadiz.es\/vina\/wp-json\/wp\/v2\/comments?post=17106"}],"version-history":[{"count":1,"href":"https:\/\/lasallecadiz.es\/vina\/wp-json\/wp\/v2\/posts\/17106\/revisions"}],"predecessor-version":[{"id":17107,"href":"https:\/\/lasallecadiz.es\/vina\/wp-json\/wp\/v2\/posts\/17106\/revisions\/17107"}],"wp:featuredmedia":[{"embeddable":true,"href":"https:\/\/lasallecadiz.es\/vina\/wp-json\/wp\/v2\/media\/17105"}],"wp:attachment":[{"href":"https:\/\/lasallecadiz.es\/vina\/wp-json\/wp\/v2\/media?parent=17106"}],"wp:term":[{"taxonomy":"category","embeddable":true,"href":"https:\/\/lasallecadiz.es\/vina\/wp-json\/wp\/v2\/categories?post=17106"},{"taxonomy":"post_tag","embeddable":true,"href":"https:\/\/lasallecadiz.es\/vina\/wp-json\/wp\/v2\/tags?post=17106"}],"curies":[{"name":"wp","href":"https:\/\/api.w.org\/{rel}","templated":true}]}}